{"id":6071,"date":"2025-01-16T09:24:25","date_gmt":"2025-01-16T07:24:25","guid":{"rendered":"http:\/\/funbrain.cromabyte.com\/?p=6071"},"modified":"2025-06-30T18:25:08","modified_gmt":"2025-06-30T16:25:08","slug":"el-artico-sera-siempre-un-oceano-helado","status":"publish","type":"post","link":"https:\/\/www.funbrain.cat\/es\/lartic-sera-sempre-un-ocea-gelat\/","title":{"rendered":"\u00bfEl \u00c1rtico ser\u00e1 siempre un oc\u00e9ano helado?"},"content":{"rendered":"<p>El \u00c1rtico es el oc\u00e9ano m\u00e1s peque\u00f1o y fr\u00edo del planeta, pudiendo llegar a -50 \u00b0C en invierno y superando apenas los 0 \u00b0C en verano. El fr\u00edo es tan extremo que parece congelar el tiempo y el paisaje a lo largo de los 16 millones de kil\u00f3metros cuadrados que ocupa en el Polo Norte. Pero, \u00bfser\u00e1 siempre as\u00ed? El cambio clim\u00e1tico nos lleva a una transformaci\u00f3n sin precedentes.<\/p>\n\n\n\n<h2 class=\"wp-block-heading\">El ciclo del hielo en el \u00c1rtico<\/h2>\n\n\n\n<p>El ciclo del hielo en el \u00c1rtico es similar al del agua: en invierno, el agua marina se congela, formando grandes superficies de hielo, mientras que en verano se produce un deshielo natural que hace que estas capas se reduzcan.<\/p>\n\n\n\n<p>Desgraciadamente, esta variaci\u00f3n natural ha quedado perturbada en las \u00faltimas d\u00e9cadas. Desde que se consiguieron las primeras im\u00e1genes por sat\u00e9lite de los polos alrededor de 1979, se ha visto que la superficie helada del oc\u00e9ano \u00c1rtico se ha reducido considerablemente. Se calcula que <strong>hemos perdido un 12% del hielo \u00e1rtico cada d\u00e9cada, lo que equivaldr\u00eda a 80.000 kil\u00f3metros cuadrados anuales o la superficie aproximada de Austria cada a\u00f1o<\/strong>.<\/p>\n\n\n\n<h2 class=\"wp-block-heading\">De un oc\u00e9ano blanco a uno azul<\/h2>\n\n\n\n<p>Esto no es nuevo, todos y todas hemos visto las im\u00e1genes de la p\u00e9rdida acelerada de hielo en los polos, una evidencia m\u00e1s de la realidad del calentamiento global. De acuerdo con un <a href=\"https:\/\/www.nature.com\/articles\/s41467-024-54508-3\" target=\"_blank\" rel=\"noopener\">estudio liderado por Alexandra Jahn y C\u00e9line Heuz\u00e9<\/a>, doctoras en ciencias atmosf\u00e9ricas y oce\u00e1nicas, y oceanograf\u00eda f\u00edsica, respectivamente, <strong>el primer d\u00eda sin hielo en el \u00c1rtico ya es casi inevitable<\/strong>.<\/p>\n\n\n\n<p>Dentro de la comunidad cient\u00edfica, un \u00c1rtico sin hielo no es lo que imaginamos. No se trata de la ausencia total y absoluta de hielo, sino de tener un <strong>recuento igual o inferior al mill\u00f3n de kil\u00f3metros cuadrados de hielo<\/strong>. As\u00ed, no nos quedar\u00edamos sin hielo completamente, pero nos colocar\u00edamos por debajo de un umbral en el que, t\u00e9cnicamente, ya no podr\u00edamos considerar al \u00c1rtico como un oc\u00e9ano helado.<\/p>\n\n\n\n<p>El estudio ha realizado m\u00e1s de 300 simulaciones, y la mayor\u00eda datan el primer d\u00eda sin hielo en un abanico de entre 9 a 20 a\u00f1os a partir del 2023, <a href=\"https:\/\/www.sciencedaily.com\/releases\/2024\/12\/241203154440.htm\" target=\"_blank\" rel=\"noopener\">independientemente de lo que intent\u00e1ramos hacer para tratar de rebajar las emisiones de gases de efecto invernadero<\/a>. El escenario m\u00e1s pesimista marca en 2027 como d\u00eda D y, la m\u00e1s optimista \u2014si logramos cumplir con el Acuerdo de Par\u00eds y limitamos el aumento de la temperatura global a 1,5 \u00b0C respecto a los niveles preindustriales\u2014 podr\u00eda evitar suceder.<\/p>\n\n\n\n<h2 class=\"wp-block-heading\">De un congelador a un radiador gigante<\/h2>\n\n\n\n<p>\u00bfQu\u00e9 est\u00e1 provocando esta p\u00e9rdida de hielo en el \u00c1rtico? Los expertos apuntan a una <a href=\"https:\/\/www.highnorthnews.com\/en\/first-ice-free-day-arctic-ocean-could-occur-2030-says-researchers\" target=\"_blank\" rel=\"noopener\">combinaci\u00f3n de eventos naturales junto con el calentamiento global<\/a>. Este fen\u00f3meno, conocido como <strong>amplificaci\u00f3n \u00e1rtica<\/strong>, hace que <strong>el \u00c1rtico se caliente a un ritmo cuatro veces superior al del resto del conjunto del planeta<\/strong>. Este r\u00e1pido calor pone en riesgo una de las funciones principales del \u00c1rtico: actuar como un regulador natural de las temperaturas globales. \u00bfPero qu\u00e9 ocurre cuando, en lugar de refrigerar, empieza a calentar?<\/p>\n\n\n\n<figure class=\"wp-block-image\"><a href=\"https:\/\/www.funbrain.cat\/wp-content\/uploads\/2025\/01\/N_daily_concentration_hires.png\"><img fetchpriority=\"high\" decoding=\"async\" width=\"1461\" height=\"1740\" src=\"https:\/\/www.funbrain.cat\/wp-content\/uploads\/2025\/01\/N_daily_concentration_hires.png\" alt=\"\" class=\"wp-image-6072\" srcset=\"https:\/\/www.funbrain.cat\/wp-content\/uploads\/2025\/01\/N_daily_concentration_hires.png 1461w, https:\/\/www.funbrain.cat\/wp-content\/uploads\/2025\/01\/N_daily_concentration_hires-252x300.png 252w, https:\/\/www.funbrain.cat\/wp-content\/uploads\/2025\/01\/N_daily_concentration_hires-860x1024.png 860w, https:\/\/www.funbrain.cat\/wp-content\/uploads\/2025\/01\/N_daily_concentration_hires-768x915.png 768w, https:\/\/www.funbrain.cat\/wp-content\/uploads\/2025\/01\/N_daily_concentration_hires-1290x1536.png 1290w, https:\/\/www.funbrain.cat\/wp-content\/uploads\/2025\/01\/N_daily_concentration_hires-10x12.png 10w, https:\/\/www.funbrain.cat\/wp-content\/uploads\/2025\/01\/N_daily_concentration_hires-600x715.png 600w\" sizes=\"(max-width: 1461px) 100vw, 1461px\" \/><\/a><\/figure>\n\n\n\n<p>El aumento de temperatura se ha traducido en veranos m\u00e1s c\u00e1lidos y primaveras menos fr\u00edas y, por tanto, la formaci\u00f3n <em>m\u00e1s lenta<\/em> de capas de hielo <em>m\u00e1s delgadas<\/em> en la superficie del oc\u00e9ano. Un cambio con \u00e9ste tiene un efecto directo sobre la <strong>reflectividad solar<\/strong> (o albedo), que determina cu\u00e1nta radiaci\u00f3n solar es reflejada hacia el espacio y cu\u00e1nta es absorbida por la superficie terrestre. El oc\u00e9ano es oscuro y el hielo est\u00e1 claro, y eso cambia las reglas del juego.<\/p>\n\n\n\n<p>El gel oce\u00e1nico puede reflejarse entre un 40% y un 60% de los rayos solares, mientras que la nieve que lo cubre puede llegar a reflejar hasta el 90%. En cambio, el oc\u00e9ano en estado l\u00edquido s\u00f3lo refleja un 10% de los rayos solares, absorbiendo el resto. Esto significa que, con menos hielo, pasamos de una elevada reflectividad a una absorci\u00f3n casi total. En estas condiciones, <a href=\"https:\/\/www.space.com\/the-universe\/climate-change\/ominous-milestone-for-the-planet-arctic-oceans-1st-ice-free-day-could-be-just-3-years-away-alarming-study-finds\" target=\"_blank\" rel=\"noopener\">el \u00c1rtico se convierte en un radiador gigante<\/a>, ya que la energ\u00eda absorbida por el oc\u00e9ano se acumula y se libera, distribuyendo calor al resto del planeta.<\/p>\n\n\n\n<p>As\u00ed se entra enseguida en un c\u00edrculo vicioso: sin hielo, el oc\u00e9ano \u00c1rtico absorbe m\u00e1s calor; este calor dificulta la formaci\u00f3n de nuevo hielo; se reduce a\u00fan m\u00e1s la reflexi\u00f3n solar; se calienta m\u00e1s la superficie; y, en consecuencia, aumenta la temperatura global. Es, literalmente, como un pez que se muerde la cola. Y el Sol, que no se pone durante meses en verano \u00e1rtico, intensifica a\u00fan m\u00e1s ese efecto. Sin hielo, el radiador oce\u00e1nico \u00e1rtico acelera el calentamiento global, con consecuencias que se har\u00e1n notar en todo el planeta.<\/p>\n\n\n\n<h2 class=\"wp-block-heading\">Lo que ocurre en el \u00c1rtico, no se queda en el \u00c1rtico<\/h2>\n\n\n\n<p>El clima y las condiciones del \u00c1rtico est\u00e1n estrechamente ligadas a las condiciones y fen\u00f3menos meteorol\u00f3gicos de otras regiones de latitudes inferiores. En este sentido, si estos d\u00edas sin hielo empezaran a ser recurrentes, tendr\u00edan un impacto directo sobre el clima planetario, <strong>acelerando el calentamiento global y haciendo m\u00e1s frecuentes los eventos clim\u00e1ticos extremos<\/strong> alterando las <a href=\"https:\/\/www.funbrain.cat\/es\/el-cambio-climatico-tras-la-agresividad-de-la-dana\/\">corrientes en jet<\/a>.<\/p>\n\n\n\n<p>Aparte del calentamiento global ya comentado, <a href=\"https:\/\/nsidc.org\/learn\/parts-cryosphere\/sea-ice\/why-sea-ice-matters\" target=\"_blank\" rel=\"noopener\">un \u00c1rtico sin hielo tambi\u00e9n supondr\u00eda, entre otros<\/a>:<\/p>\n\n\n\n<ul class=\"wp-block-list\">\n<li><strong>Una gran inestabilidad en el ecosistema \u00e1rtico<\/strong>. Menos hielo se traduce en una menor protecci\u00f3n de las \u00e1reas costeras frente a la erosi\u00f3n causada por las olas y, al mismo tiempo, en una reducci\u00f3n de las plataformas heladas de las que dependen la mayor\u00eda de animales del \u00c1rtico para su supervivencia (como las algas de las que se alimentan los krill, que tendr\u00edan menos superficie donde crecer, crecer, crecer; hielo).<\/li>\n\n\n\n<li><strong>Aceleraci\u00f3n del calentamiento global.<\/strong> Una menor reflectividad solar aumenta la temperatura global.<\/li>\n\n\n\n<li><strong>Una afectaci\u00f3n directa a las comunidades humanas del \u00c1rtico<\/strong>, que durante siglos han utilizado el hielo como superficie por la que desplazarse, pero tambi\u00e9n para cazar y pescar.<\/li>\n\n\n\n<li><strong>Una mayor parte del oc\u00e9ano \u00c1rtico navegable<\/strong>, que abrir\u00eda la puerta a <a href=\"https:\/\/www.euronews.com\/green\/2024\/12\/04\/an-ice-free-arctic-could-happen-by-summer-2027-what-it-means-for-weather-shipping-and-pola\" target=\"_blank\" rel=\"noopener\">nuevos recursos ahora accesibles y nuevas rutas mar\u00edtimas alternativas en aguas internacionales<\/a>. Esto tendr\u00eda un impacto importante en la econom\u00eda mundial y la seguridad nacional por la competencia que generar\u00eda.<\/li>\n<\/ul>\n\n\n\n<p>Desde <a href=\"https:\/\/www.funbrain.cat\/es\/\"><strong>Funbrain<\/strong><\/a>, creemos en la importancia de concienciar sobre las consecuencias de la crisis clim\u00e1tica, especialmente entre los m\u00e1s j\u00f3venes. Por eso hemos dise\u00f1ado y creado talleres experimentales y divulgativos para diferentes edades como: <a href=\"https:\/\/www.funbrain.cat\/es\/producto\/sus-crisis-climatica\/\">SOS, cirios clim\u00e1tica<\/a>, <a href=\"https:\/\/www.funbrain.cat\/es\/producto\/emergencia-climatica-co2-en-el-mar\/\">Emergencia clim\u00e1tica, CO2 en el mar<\/a> o el <a href=\"https:\/\/www.funbrain.cat\/es\/producto\/ciclo-del-agua\/\">Ciclo del agua<\/a>. Actualmente, poblaciones como Cambrils, Igualada, Santa Coloma de Gramanet, Sabadell, Tiana, Cornell\u00e1 del Llobregat, Hospitalet del Llobregat, Ripollet, San Cugat del Vall\u00e9s, San Quirze del Vall\u00e9s, Barcelona, El Prat del Llobregat, Cerdanyola del Vall\u00e9s, ya han disfrutado de la experiencia y sus centros educativos.<\/p>\n\n\n\n<p>Adem\u00e1s, conducimos el programa <a href=\"https:\/\/www.amb.cat\/web\/medi-ambient\/sostenibilitat\/educacio-ambiental\/sobre-el-programa\" target=\"_blank\" rel=\"noopener\">Compartimos un Futuro del AMB<\/a> donde con el objetivo de incentivar la cultura de la sostenibilidad. As\u00ed, fomenta buenas pr\u00e1cticas entre la poblaci\u00f3n, potencia el pensamiento cr\u00edtico y ofrece a la ciudadan\u00eda herramientas y valores necesarios para forjar un futuro sostenible y conseguir un cambio de h\u00e1bitos real e inmediato.<\/p>\n\n\n\n<p>El futuro del \u00c1rtico est\u00e1 en juego pero tambi\u00e9n el del planeta. La reducci\u00f3n del hielo \u00e1rtico no es s\u00f3lo una se\u00f1al del calentamiento global, sino tambi\u00e9n un catalizador que acelera el cambio clim\u00e1tico. Actuar es ahora esencial para preservar este ecosistema y, con \u00e9l, el equilibrio clim\u00e1tico del planeta.<\/p>\n\n\n\n<h2 class=\"wp-block-heading\">Fuentes<\/h2>\n\n\n\n<p><strong>PAPEL ORIGINAL<\/strong>: Heuz\u00e9, C., Jahn, A. First ice-free day in the Arctic Ocean could occur before 2030.&nbsp;<em>Nato Commun<\/em>&nbsp;<strong>15<\/strong>, 10101 (2024). <a href=\"https:\/\/doi.org\/10.1038\/s41467-024-54508-3\" target=\"_blank\" rel=\"noopener\">https:\/\/doi.org\/10.1038\/s41467-024-54508-3<\/a><\/p>\n\n\n\n<p>\u2013 <strong>Climate.gov<\/strong>. &quot;Climate Change: Arctic sea ice summer minimum&quot;. <a href=\"https:\/\/www.climate.gov\/news-features\/understanding-climate\/climate-change-arctic-sea-ice-summer-minimum\" target=\"_blank\" rel=\"noopener\">https:\/\/www.climate.gov\/news-features\/understanding-climate\/climate-change-arctic-sea-ice-summer-minimum<\/a>&nbsp;&nbsp;<\/p>\n\n\n\n<p>\u2013 <strong>CREAF<\/strong>. \u201c\u00bfSab\u00edas que el deshielo del \u00c1rtico y el fr\u00edo an\u00f3malo de este mes de junio en Europa est\u00e1n relacionados?\u201d. <a href=\"https:\/\/www.creaf.cat\/es\/articulos\/sabias-que-el-deshielo-del-artico-y-el-frio-anomalo-de-este-mes-de-junio-en-europa-estan-relacionados\" target=\"_blank\" rel=\"noopener\">https:\/\/www.creaf.cat\/es\/articulos\/sabias-que-el-deshielo-del-artico-y-el-frio-anomalo-de-este-mes-de-junio-en-europa-estan-relacionados<\/a><\/p>\n\n\n\n<p>\u2013 <strong>Euronews<\/strong>. \u201cThe Arctic could be ice-free by summer 2027: what it means for weather, shipping and polar bears\u201d. <a href=\"https:\/\/www.euronews.com\/green\/2024\/12\/04\/an-ice-free-arctic-could-happen-by-summer-2027-what-it-means-for-weather-shipping-and-pola\" target=\"_blank\" rel=\"noopener\">https:\/\/www.euronews.com\/green\/2024\/12\/04\/an-ice-free-arctic-could-happen-by-summer-2027-what-it-means-for-weather-shipping-and-pola<\/a><\/p>\n\n\n\n<p>\u2013 <strong>High North News<\/strong>. \u201cThe First Ice-Free Day in the Arctic Ocean Could Occcur Before 2030, Says Researcher\u201d. <a href=\"https:\/\/www.highnorthnews.com\/en\/first-ice-free-day-arctic-ocean-could-occur-2030-says-researchers\" target=\"_blank\" rel=\"noopener\">https:\/\/www.highnorthnews.com\/en\/first-ice-free-day-arctic-ocean-could-occur-2030-says-researchers<\/a><\/p>\n\n\n\n<p>\u2013 <strong>NASA Earth Sciences<\/strong>. \u201cCurrent state of sea ice cover\u201d. <a href=\"https:\/\/earth.gsfc.nasa.gov\/cryo\/data\/current-state-sea-ice-cover\" target=\"_blank\" rel=\"noopener\">https:\/\/earth.gsfc.nasa.gov\/cryo\/data\/current-state-sea-ice-cover<\/a><\/p>\n\n\n\n<p>\u2013 <strong>National Snow and Ice Data Center<\/strong>. <a href=\"https:\/\/nsidc.org\/home\" target=\"_blank\" rel=\"noopener\">https:\/\/nsidc.org\/home<\/a><\/p>\n\n\n\n<p>\u2013 <strong>Polar Portal<\/strong>. Understanding the Arctic sea ice. <a href=\"https:\/\/polarportal.dk\/en\/sea-ice-and-icebergs\/understanding-the-arctic-sea-ice\/\" target=\"_blank\" rel=\"noopener\">https:\/\/polarportal.dk\/en\/sea-ice-and-icebergs\/understanding-the-arctic-sea-ice\/<\/a><\/p>\n\n\n\n<p>\u2013 <strong>Science Daily<\/strong>. \u201cCountdown to a ice-free Arctic: new research warns of acelerated timelines\u201d. <a href=\"https:\/\/www.sciencedaily.com\/releases\/2024\/12\/241203154440.htm\" target=\"_blank\" rel=\"noopener\">https:\/\/www.sciencedaily.com\/releases\/2024\/12\/241203154440.htm<\/a>&nbsp;<\/p>\n\n\n\n<p>\u2013 <strong>Science Media Centre<\/strong>. \u201cFirst Arctic ice-free day could happen before 2030\u201d. <a href=\"https:\/\/sciencemediacentre.es\/en\/first-arctic-ice-free-day-could-happen-2030\" target=\"_blank\" rel=\"noopener\">https:\/\/sciencemediacentre.es\/en\/first-arctic-ice-free-day-could-happen-2030<\/a><\/p>\n\n\n\n<p>\u2013 <strong>Scientific American<\/strong>. \u201cThe Arctic could be functionally ice-free in justo en few years\u201d. <a href=\"https:\/\/www.scientificamerican.com\/article\/the-arctic-could-be-functionally-ice-free-in-just-a-few-years\/\" target=\"_blank\" rel=\"noopener\">https:\/\/www.scientificamerican.com\/article\/the-arctic-could-be-functionally-ice-free-in-just-a-few-years\/<\/a>&nbsp;&nbsp;<\/p>\n\n\n\n<p>\u2013 <strong>SPACE<\/strong>. \u201cOminuevo milestone para el planeta: Arctic Ocean&#039;s 1st ice-free day could be justo 3 years away, alarming study finds\u201d. <a href=\"https:\/\/www.space.com\/the-universe\/climate-change\/ominous-milestone-for-the-planet-arctic-oceans-1st-ice-free-day-could-be-just-3-years-away-alarming-study-finds\" target=\"_blank\" rel=\"noopener\">https:\/\/www.space.com\/the-universe\/climate-change\/ominous-milestone-for-the-planet-arctic-oceans-1st-ice-free-day-could-be-just-3-years-away-alarming-study-finds<\/a>&nbsp;<\/p>","protected":false},"excerpt":{"rendered":"<p>L\u2019\u00c0rtic \u00e9s l\u2019oce\u00e0 m\u00e9s petit i fred del planeta, podent arribar a -50 \u00b0C a l\u2019hivern i superant amb prou feines els 0 \u00b0C a l\u2019estiu. El fred \u00e9s tan extrem que sembla que congeli el temps i el paisatge al llarg dels 16 milions de quil\u00f2metres quadrats que ocupa al Pol Nord. Per\u00f2, ser\u00e0 [&hellip;]<\/p>\n","protected":false},"author":3,"featured_media":6074,"comment_status":"closed","ping_status":"closed","sticky":false,"template":"","format":"standard","meta":{"_acf_changed":false,"footnotes":""},"categories":[925],"tags":[],"segment":[968],"class_list":["post-6071","post","type-post","status-publish","format-standard","has-post-thumbnail","hentry","category-noticies","segment-centres-educatius"],"acf":[],"_links":{"self":[{"href":"https:\/\/www.funbrain.cat\/es\/wp-json\/wp\/v2\/posts\/6071","targetHints":{"allow":["GET"]}}],"collection":[{"href":"https:\/\/www.funbrain.cat\/es\/wp-json\/wp\/v2\/posts"}],"about":[{"href":"https:\/\/www.funbrain.cat\/es\/wp-json\/wp\/v2\/types\/post"}],"author":[{"embeddable":true,"href":"https:\/\/www.funbrain.cat\/es\/wp-json\/wp\/v2\/users\/3"}],"replies":[{"embeddable":true,"href":"https:\/\/www.funbrain.cat\/es\/wp-json\/wp\/v2\/comments?post=6071"}],"version-history":[{"count":0,"href":"https:\/\/www.funbrain.cat\/es\/wp-json\/wp\/v2\/posts\/6071\/revisions"}],"wp:featuredmedia":[{"embeddable":true,"href":"https:\/\/www.funbrain.cat\/es\/wp-json\/wp\/v2\/media\/6074"}],"wp:attachment":[{"href":"https:\/\/www.funbrain.cat\/es\/wp-json\/wp\/v2\/media?parent=6071"}],"wp:term":[{"taxonomy":"category","embeddable":true,"href":"https:\/\/www.funbrain.cat\/es\/wp-json\/wp\/v2\/categories?post=6071"},{"taxonomy":"post_tag","embeddable":true,"href":"https:\/\/www.funbrain.cat\/es\/wp-json\/wp\/v2\/tags?post=6071"},{"taxonomy":"segment","embeddable":true,"href":"https:\/\/www.funbrain.cat\/es\/wp-json\/wp\/v2\/segment?post=6071"}],"curies":[{"name":"wp","href":"https:\/\/api.w.org\/{rel}","templated":true}]}}